{"id":10543,"date":"2014-05-20T00:00:00","date_gmt":"2014-05-20T04:00:00","guid":{"rendered":"https:\/\/districtgriffin.com\/?p=10543\/"},"modified":"2018-02-07T11:24:09","modified_gmt":"2018-02-07T16:24:09","slug":"condo-vedette-de-la-semaine-2","status":"publish","type":"post","link":"https:\/\/districtgriffin.com\/en\/blog\/condo-vedette-de-la-semaine-2\/","title":{"rendered":"Condo vedette de la semaine!"},"content":{"rendered":"<p>Cette unit\u00e9 de coin en phase 3 de District Griffin sur Peel offre un environnement tr\u00e8s ensoleill\u00e9 et une vue sur une partie du Mont-Royal et sur le centre-ville de Montr\u00e9al! Les unit\u00e9s \u00e0 partir du 16e \u00e9tage offre m\u00eame une vue partielle sur le Canal Lachine.<\/p>\n<p>Parfait pour un couple ou une petite famille, les deux chambres et les deux salles de bains sont construites de fa\u00e7on \u00e0 tout de m\u00eame faire rayonner l\u2019aire ouverte de la cuisine et salle \u00e0 manger afin de vous faire profiter de chacun des 927 pieds carr\u00e9s.<\/p>\n<p>De plus, en tant que r\u00e9sident du District Griffin sur Peel, vous aurez acc\u00e8s \u00e0 toute une gamme de services tels que la SAQ, M\u00e9tro Plus, Banque TD, Banque Nationale et plusieurs boutiques et restaurants de Griffintown, sans m\u00eame mettre le nez dehors!<\/p>\n<p>Disponible au 12<sup>e<\/sup>, 14<sup>e<\/sup>, 16<sup>e<\/sup>, 17<sup>e<\/sup> &amp; 18<sup>e<\/sup> \u00e9tage.<\/p>\n<p>Int\u00e9ress\u00e9 par ce condo? Contactez Sebastien, Karen ou Natalia pour plus d\u2019informations au <a href=\"mailto:info@districtgriffin.com\">info@districtgriffin.com<\/a> ou 514\u00a0914-4743!<\/p>\n","protected":false},"excerpt":{"rendered":"<p>Cette unit\u00e9 de coin en phase 3 de District Griffin sur Peel offre un environnement tr\u00e8s ensoleill\u00e9 et une vue sur une partie du Mont-Royal et sur le centre-ville de Montr\u00e9al! Les unit\u00e9s \u00e0 partir du 16e \u00e9tage offre m\u00eame une vue partielle sur le Canal Lachine. <a href=\"https:\/\/districtgriffin.com\/en\/blog\/condo-vedette-de-la-semaine-2\/\" class=\"more-link\">Continue Reading <span class=\"meta-nav\">&rarr;<\/span><\/a><\/p>\n","protected":false},"author":6,"featured_media":10950,"comment_status":"open","ping_status":"closed","sticky":false,"template":"","format":"standard","meta":{"_acf_changed":false,"footnotes":""},"categories":[303],"tags":[117,161,197],"class_list":["post-10543","post","type-post","status-publish","format-standard","has-post-thumbnail","hentry","category-promotion-2-2","tag-griffintown","tag-condo-montreal","tag-centre-ville","projet-district-griffin-en","quartier-griffintown-en","vocation-residential-condo"],"acf":[],"yoast_head":"<!-- This site is optimized with the Yoast SEO plugin v27.3 - https:\/\/yoast.com\/product\/yoast-seo-wordpress\/ -->\n<title>Condo vedette de la semaine!<\/title>\n<meta name=\"description\" content=\"Cette unit\u00e9 de coin en phase 3 offre un environnement tr\u00e8s ensoleill\u00e9 et une vue sur une partie du Mont-Royal et sur le centre-ville de Montr\u00e9al!\" \/>\n<meta name=\"robots\" content=\"index, follow, max-snippet:-1, max-image-preview:large, max-video-preview:-1\" \/>\n<link rel=\"canonical\" href=\"https:\/\/districtgriffin.com\/en\/blog\/condo-vedette-de-la-semaine-2\/\" \/>\n<meta property=\"og:locale\" content=\"en_US\" \/>\n<meta property=\"og:type\" content=\"article\" \/>\n<meta property=\"og:title\" content=\"Condo vedette de la semaine!\" \/>\n<meta property=\"og:description\" content=\"Cette unit\u00e9 de coin en phase 3 offre un environnement tr\u00e8s ensoleill\u00e9 et une vue sur une partie du Mont-Royal et sur le centre-ville de Montr\u00e9al!\" \/>\n<meta property=\"og:url\" content=\"https:\/\/districtgriffin.com\/en\/blog\/condo-vedette-de-la-semaine-2\/\" \/>\n<meta property=\"og:site_name\" content=\"District Griffin\" \/>\n<meta property=\"article:published_time\" content=\"2014-05-20T04:00:00+00:00\" \/>\n<meta property=\"article:modified_time\" content=\"2018-02-07T16:24:09+00:00\" \/>\n<meta property=\"og:image\" content=\"https:\/\/districtgriffin.com\/wp-content\/uploads\/2018\/02\/condo1601-3.png\" \/>\n\t<meta property=\"og:image:width\" content=\"565\" \/>\n\t<meta property=\"og:image:height\" content=\"675\" \/>\n\t<meta property=\"og:image:type\" content=\"image\/png\" \/>\n<meta name=\"author\" content=\"globalia\" \/>\n<meta name=\"twitter:label1\" content=\"Written by\" \/>\n\t<meta name=\"twitter:data1\" content=\"globalia\" \/>\n\t<meta name=\"twitter:label2\" content=\"Est. reading time\" \/>\n\t<meta name=\"twitter:data2\" content=\"1 minute\" \/>\n<script type=\"application\/ld+json\" class=\"yoast-schema-graph\">{\"@context\":\"https:\\\/\\\/schema.org\",\"@graph\":[{\"@type\":\"Article\",\"@id\":\"https:\\\/\\\/districtgriffin.com\\\/en\\\/blog\\\/condo-vedette-de-la-semaine-2\\\/#article\",\"isPartOf\":{\"@id\":\"https:\\\/\\\/districtgriffin.com\\\/en\\\/blog\\\/condo-vedette-de-la-semaine-2\\\/\"},\"author\":{\"name\":\"globalia\",\"@id\":\"https:\\\/\\\/districtgriffin.com\\\/en\\\/#\\\/schema\\\/person\\\/0cbd3a4a2135beeabc547ba325a0e6f7\"},\"headline\":\"Condo vedette de la semaine!\",\"datePublished\":\"2014-05-20T04:00:00+00:00\",\"dateModified\":\"2018-02-07T16:24:09+00:00\",\"mainEntityOfPage\":{\"@id\":\"https:\\\/\\\/districtgriffin.com\\\/en\\\/blog\\\/condo-vedette-de-la-semaine-2\\\/\"},\"wordCount\":177,\"commentCount\":0,\"image\":{\"@id\":\"https:\\\/\\\/districtgriffin.com\\\/en\\\/blog\\\/condo-vedette-de-la-semaine-2\\\/#primaryimage\"},\"thumbnailUrl\":\"https:\\\/\\\/districtgriffin.com\\\/wp-content\\\/uploads\\\/2018\\\/02\\\/condo1601-3.png\",\"keywords\":[\"Griffintown\",\"Condo Montreal\",\"centre-ville\"],\"articleSection\":[\"Promotion\"],\"inLanguage\":\"en-US\",\"potentialAction\":[{\"@type\":\"CommentAction\",\"name\":\"Comment\",\"target\":[\"https:\\\/\\\/districtgriffin.com\\\/en\\\/blog\\\/condo-vedette-de-la-semaine-2\\\/#respond\"]}]},{\"@type\":\"WebPage\",\"@id\":\"https:\\\/\\\/districtgriffin.com\\\/en\\\/blog\\\/condo-vedette-de-la-semaine-2\\\/\",\"url\":\"https:\\\/\\\/districtgriffin.com\\\/en\\\/blog\\\/condo-vedette-de-la-semaine-2\\\/\",\"name\":\"Condo vedette de la semaine!\",\"isPartOf\":{\"@id\":\"https:\\\/\\\/districtgriffin.com\\\/en\\\/#website\"},\"primaryImageOfPage\":{\"@id\":\"https:\\\/\\\/districtgriffin.com\\\/en\\\/blog\\\/condo-vedette-de-la-semaine-2\\\/#primaryimage\"},\"image\":{\"@id\":\"https:\\\/\\\/districtgriffin.com\\\/en\\\/blog\\\/condo-vedette-de-la-semaine-2\\\/#primaryimage\"},\"thumbnailUrl\":\"https:\\\/\\\/districtgriffin.com\\\/wp-content\\\/uploads\\\/2018\\\/02\\\/condo1601-3.png\",\"datePublished\":\"2014-05-20T04:00:00+00:00\",\"dateModified\":\"2018-02-07T16:24:09+00:00\",\"author\":{\"@id\":\"https:\\\/\\\/districtgriffin.com\\\/en\\\/#\\\/schema\\\/person\\\/0cbd3a4a2135beeabc547ba325a0e6f7\"},\"description\":\"Cette unit\u00e9 de coin en phase 3 offre un environnement tr\u00e8s ensoleill\u00e9 et une vue sur une partie du Mont-Royal et sur le centre-ville de Montr\u00e9al!\",\"breadcrumb\":{\"@id\":\"https:\\\/\\\/districtgriffin.com\\\/en\\\/blog\\\/condo-vedette-de-la-semaine-2\\\/#breadcrumb\"},\"inLanguage\":\"en-US\",\"potentialAction\":[{\"@type\":\"ReadAction\",\"target\":[\"https:\\\/\\\/districtgriffin.com\\\/en\\\/blog\\\/condo-vedette-de-la-semaine-2\\\/\"]}]},{\"@type\":\"ImageObject\",\"inLanguage\":\"en-US\",\"@id\":\"https:\\\/\\\/districtgriffin.com\\\/en\\\/blog\\\/condo-vedette-de-la-semaine-2\\\/#primaryimage\",\"url\":\"https:\\\/\\\/districtgriffin.com\\\/wp-content\\\/uploads\\\/2018\\\/02\\\/condo1601-3.png\",\"contentUrl\":\"https:\\\/\\\/districtgriffin.com\\\/wp-content\\\/uploads\\\/2018\\\/02\\\/condo1601-3.png\",\"width\":565,\"height\":675},{\"@type\":\"BreadcrumbList\",\"@id\":\"https:\\\/\\\/districtgriffin.com\\\/en\\\/blog\\\/condo-vedette-de-la-semaine-2\\\/#breadcrumb\",\"itemListElement\":[{\"@type\":\"ListItem\",\"position\":1,\"name\":\"Home\",\"item\":\"https:\\\/\\\/districtgriffin.com\\\/en\\\/\"},{\"@type\":\"ListItem\",\"position\":2,\"name\":\"Condo vedette de la semaine!\"}]},{\"@type\":\"WebSite\",\"@id\":\"https:\\\/\\\/districtgriffin.com\\\/en\\\/#website\",\"url\":\"https:\\\/\\\/districtgriffin.com\\\/en\\\/\",\"name\":\"District Griffin\",\"description\":\"The biggest condo project in Montr\u00e9al\",\"potentialAction\":[{\"@type\":\"SearchAction\",\"target\":{\"@type\":\"EntryPoint\",\"urlTemplate\":\"https:\\\/\\\/districtgriffin.com\\\/en\\\/?s={search_term_string}\"},\"query-input\":{\"@type\":\"PropertyValueSpecification\",\"valueRequired\":true,\"valueName\":\"search_term_string\"}}],\"inLanguage\":\"en-US\"},{\"@type\":\"Person\",\"@id\":\"https:\\\/\\\/districtgriffin.com\\\/en\\\/#\\\/schema\\\/person\\\/0cbd3a4a2135beeabc547ba325a0e6f7\",\"name\":\"globalia\",\"image\":{\"@type\":\"ImageObject\",\"inLanguage\":\"en-US\",\"@id\":\"https:\\\/\\\/secure.gravatar.com\\\/avatar\\\/e1887552921e86ee2cf5425602efd651e113f05dc57807b02930b4372d21a496?s=96&d=mm&r=g\",\"url\":\"https:\\\/\\\/secure.gravatar.com\\\/avatar\\\/e1887552921e86ee2cf5425602efd651e113f05dc57807b02930b4372d21a496?s=96&d=mm&r=g\",\"contentUrl\":\"https:\\\/\\\/secure.gravatar.com\\\/avatar\\\/e1887552921e86ee2cf5425602efd651e113f05dc57807b02930b4372d21a496?s=96&d=mm&r=g\",\"caption\":\"globalia\"},\"sameAs\":[\"http:\\\/\\\/www.globalia.ca\"]}]}<\/script>\n<!-- \/ Yoast SEO plugin. -->","yoast_head_json":{"title":"Condo vedette de la semaine!","description":"Cette unit\u00e9 de coin en phase 3 offre un environnement tr\u00e8s ensoleill\u00e9 et une vue sur une partie du Mont-Royal et sur le centre-ville de Montr\u00e9al!","robots":{"index":"index","follow":"follow","max-snippet":"max-snippet:-1","max-image-preview":"max-image-preview:large","max-video-preview":"max-video-preview:-1"},"canonical":"https:\/\/districtgriffin.com\/en\/blog\/condo-vedette-de-la-semaine-2\/","og_locale":"en_US","og_type":"article","og_title":"Condo vedette de la semaine!","og_description":"Cette unit\u00e9 de coin en phase 3 offre un environnement tr\u00e8s ensoleill\u00e9 et une vue sur une partie du Mont-Royal et sur le centre-ville de Montr\u00e9al!","og_url":"https:\/\/districtgriffin.com\/en\/blog\/condo-vedette-de-la-semaine-2\/","og_site_name":"District Griffin","article_published_time":"2014-05-20T04:00:00+00:00","article_modified_time":"2018-02-07T16:24:09+00:00","og_image":[{"width":565,"height":675,"url":"https:\/\/districtgriffin.com\/wp-content\/uploads\/2018\/02\/condo1601-3.png","type":"image\/png"}],"author":"globalia","twitter_misc":{"Written by":"globalia","Est. reading time":"1 minute"},"schema":{"@context":"https:\/\/schema.org","@graph":[{"@type":"Article","@id":"https:\/\/districtgriffin.com\/en\/blog\/condo-vedette-de-la-semaine-2\/#article","isPartOf":{"@id":"https:\/\/districtgriffin.com\/en\/blog\/condo-vedette-de-la-semaine-2\/"},"author":{"name":"globalia","@id":"https:\/\/districtgriffin.com\/en\/#\/schema\/person\/0cbd3a4a2135beeabc547ba325a0e6f7"},"headline":"Condo vedette de la semaine!","datePublished":"2014-05-20T04:00:00+00:00","dateModified":"2018-02-07T16:24:09+00:00","mainEntityOfPage":{"@id":"https:\/\/districtgriffin.com\/en\/blog\/condo-vedette-de-la-semaine-2\/"},"wordCount":177,"commentCount":0,"image":{"@id":"https:\/\/districtgriffin.com\/en\/blog\/condo-vedette-de-la-semaine-2\/#primaryimage"},"thumbnailUrl":"https:\/\/districtgriffin.com\/wp-content\/uploads\/2018\/02\/condo1601-3.png","keywords":["Griffintown","Condo Montreal","centre-ville"],"articleSection":["Promotion"],"inLanguage":"en-US","potentialAction":[{"@type":"CommentAction","name":"Comment","target":["https:\/\/districtgriffin.com\/en\/blog\/condo-vedette-de-la-semaine-2\/#respond"]}]},{"@type":"WebPage","@id":"https:\/\/districtgriffin.com\/en\/blog\/condo-vedette-de-la-semaine-2\/","url":"https:\/\/districtgriffin.com\/en\/blog\/condo-vedette-de-la-semaine-2\/","name":"Condo vedette de la semaine!","isPartOf":{"@id":"https:\/\/districtgriffin.com\/en\/#website"},"primaryImageOfPage":{"@id":"https:\/\/districtgriffin.com\/en\/blog\/condo-vedette-de-la-semaine-2\/#primaryimage"},"image":{"@id":"https:\/\/districtgriffin.com\/en\/blog\/condo-vedette-de-la-semaine-2\/#primaryimage"},"thumbnailUrl":"https:\/\/districtgriffin.com\/wp-content\/uploads\/2018\/02\/condo1601-3.png","datePublished":"2014-05-20T04:00:00+00:00","dateModified":"2018-02-07T16:24:09+00:00","author":{"@id":"https:\/\/districtgriffin.com\/en\/#\/schema\/person\/0cbd3a4a2135beeabc547ba325a0e6f7"},"description":"Cette unit\u00e9 de coin en phase 3 offre un environnement tr\u00e8s ensoleill\u00e9 et une vue sur une partie du Mont-Royal et sur le centre-ville de Montr\u00e9al!","breadcrumb":{"@id":"https:\/\/districtgriffin.com\/en\/blog\/condo-vedette-de-la-semaine-2\/#breadcrumb"},"inLanguage":"en-US","potentialAction":[{"@type":"ReadAction","target":["https:\/\/districtgriffin.com\/en\/blog\/condo-vedette-de-la-semaine-2\/"]}]},{"@type":"ImageObject","inLanguage":"en-US","@id":"https:\/\/districtgriffin.com\/en\/blog\/condo-vedette-de-la-semaine-2\/#primaryimage","url":"https:\/\/districtgriffin.com\/wp-content\/uploads\/2018\/02\/condo1601-3.png","contentUrl":"https:\/\/districtgriffin.com\/wp-content\/uploads\/2018\/02\/condo1601-3.png","width":565,"height":675},{"@type":"BreadcrumbList","@id":"https:\/\/districtgriffin.com\/en\/blog\/condo-vedette-de-la-semaine-2\/#breadcrumb","itemListElement":[{"@type":"ListItem","position":1,"name":"Home","item":"https:\/\/districtgriffin.com\/en\/"},{"@type":"ListItem","position":2,"name":"Condo vedette de la semaine!"}]},{"@type":"WebSite","@id":"https:\/\/districtgriffin.com\/en\/#website","url":"https:\/\/districtgriffin.com\/en\/","name":"District Griffin","description":"The biggest condo project in Montr\u00e9al","potentialAction":[{"@type":"SearchAction","target":{"@type":"EntryPoint","urlTemplate":"https:\/\/districtgriffin.com\/en\/?s={search_term_string}"},"query-input":{"@type":"PropertyValueSpecification","valueRequired":true,"valueName":"search_term_string"}}],"inLanguage":"en-US"},{"@type":"Person","@id":"https:\/\/districtgriffin.com\/en\/#\/schema\/person\/0cbd3a4a2135beeabc547ba325a0e6f7","name":"globalia","image":{"@type":"ImageObject","inLanguage":"en-US","@id":"https:\/\/secure.gravatar.com\/avatar\/e1887552921e86ee2cf5425602efd651e113f05dc57807b02930b4372d21a496?s=96&d=mm&r=g","url":"https:\/\/secure.gravatar.com\/avatar\/e1887552921e86ee2cf5425602efd651e113f05dc57807b02930b4372d21a496?s=96&d=mm&r=g","contentUrl":"https:\/\/secure.gravatar.com\/avatar\/e1887552921e86ee2cf5425602efd651e113f05dc57807b02930b4372d21a496?s=96&d=mm&r=g","caption":"globalia"},"sameAs":["http:\/\/www.globalia.ca"]}]}},"_links":{"self":[{"href":"https:\/\/districtgriffin.com\/en\/wp-json\/wp\/v2\/posts\/10543","targetHints":{"allow":["GET"]}}],"collection":[{"href":"https:\/\/districtgriffin.com\/en\/wp-json\/wp\/v2\/posts"}],"about":[{"href":"https:\/\/districtgriffin.com\/en\/wp-json\/wp\/v2\/types\/post"}],"author":[{"embeddable":true,"href":"https:\/\/districtgriffin.com\/en\/wp-json\/wp\/v2\/users\/6"}],"replies":[{"embeddable":true,"href":"https:\/\/districtgriffin.com\/en\/wp-json\/wp\/v2\/comments?post=10543"}],"version-history":[{"count":1,"href":"https:\/\/districtgriffin.com\/en\/wp-json\/wp\/v2\/posts\/10543\/revisions"}],"predecessor-version":[{"id":10544,"href":"https:\/\/districtgriffin.com\/en\/wp-json\/wp\/v2\/posts\/10543\/revisions\/10544"}],"wp:featuredmedia":[{"embeddable":true,"href":"https:\/\/districtgriffin.com\/en\/wp-json\/wp\/v2\/media\/10950"}],"wp:attachment":[{"href":"https:\/\/districtgriffin.com\/en\/wp-json\/wp\/v2\/media?parent=10543"}],"wp:term":[{"taxonomy":"category","embeddable":true,"href":"https:\/\/districtgriffin.com\/en\/wp-json\/wp\/v2\/categories?post=10543"},{"taxonomy":"post_tag","embeddable":true,"href":"https:\/\/districtgriffin.com\/en\/wp-json\/wp\/v2\/tags?post=10543"}],"curies":[{"name":"wp","href":"https:\/\/api.w.org\/{rel}","templated":true}]}}